{"id":3288,"date":"2026-08-31T12:00:41","date_gmt":"2026-08-31T12:00:41","guid":{"rendered":"https:\/\/farnoso.pt\/wp\/?p=3288"},"modified":"2026-08-31T12:00:42","modified_gmt":"2026-08-31T12:00:42","slug":"paulo-alexandre-da-silva-morgado-2","status":"publish","type":"post","link":"https:\/\/farnoso.pt\/wp\/2026\/08\/31\/paulo-alexandre-da-silva-morgado-2\/","title":{"rendered":"Paulo Alexandre da Silva Morgado"},"content":{"rendered":"\n<p class=\"has-text-align-center\"><\/p>\n\n\n\n<p class=\"has-text-align-center has-medium-font-size\"><strong>Participa\u00e7\u00e3o de missa de 30\u00ba dia  de falecimento<\/strong><\/p>\n\n\n\n<p>Na passagem do 30\u00ba dia do falecimento de seu ente querido, seus familiares participam a todas as pessoas de suas rela\u00e7\u00f5es e amizade, que ser\u00e1 celebrada missa em sufr\u00e1gio de sua alma,\u00a0<strong>domingo, dia 13 de setembro, pelas 10:30 horas, <strong>no mosteiro de S\u00e3o Martinho de Tib\u00e3es &#8211; Braga<\/strong><\/strong>.<\/p>\n\n\n\n<p>Desde j\u00e1 agradecem a todos quantos se dignem participar nesta celebra\u00e7\u00e3o<\/p>\n\n\n\n<p><\/p>\n","protected":false},"excerpt":{"rendered":"<p>Participa\u00e7\u00e3o de missa de 30\u00ba dia de falecimento Na passagem do 30\u00ba dia do falecimento de seu ente querido, seus familiares participam a todas as pessoas de suas rela\u00e7\u00f5es e amizade, que ser\u00e1 celebrada missa em sufr\u00e1gio de sua alma,\u00a0domingo, dia 13 de setembro, pelas 10:30 horas, no mosteiro de S\u00e3o Martinho de Tib\u00e3es &#8211; Braga. Desde j\u00e1 agradecem a todos quantos se dignem participar nesta celebra\u00e7\u00e3o<\/p>\n","protected":false},"author":2,"featured_media":3230,"comment_status":"closed","ping_status":"open","sticky":false,"template":"","format":"standard","meta":{"footnotes":""},"categories":[3],"tags":[],"class_list":["post-3288","post","type-post","status-publish","format-standard","has-post-thumbnail","hentry","category-necrologia"],"_links":{"self":[{"href":"https:\/\/farnoso.pt\/wp\/wp-json\/wp\/v2\/posts\/3288","targetHints":{"allow":["GET"]}}],"collection":[{"href":"https:\/\/farnoso.pt\/wp\/wp-json\/wp\/v2\/posts"}],"about":[{"href":"https:\/\/farnoso.pt\/wp\/wp-json\/wp\/v2\/types\/post"}],"author":[{"embeddable":true,"href":"https:\/\/farnoso.pt\/wp\/wp-json\/wp\/v2\/users\/2"}],"replies":[{"embeddable":true,"href":"https:\/\/farnoso.pt\/wp\/wp-json\/wp\/v2\/comments?post=3288"}],"version-history":[{"count":1,"href":"https:\/\/farnoso.pt\/wp\/wp-json\/wp\/v2\/posts\/3288\/revisions"}],"predecessor-version":[{"id":3289,"href":"https:\/\/farnoso.pt\/wp\/wp-json\/wp\/v2\/posts\/3288\/revisions\/3289"}],"wp:featuredmedia":[{"embeddable":true,"href":"https:\/\/farnoso.pt\/wp\/wp-json\/wp\/v2\/media\/3230"}],"wp:attachment":[{"href":"https:\/\/farnoso.pt\/wp\/wp-json\/wp\/v2\/media?parent=3288"}],"wp:term":[{"taxonomy":"category","embeddable":true,"href":"https:\/\/farnoso.pt\/wp\/wp-json\/wp\/v2\/categories?post=3288"},{"taxonomy":"post_tag","embeddable":true,"href":"https:\/\/farnoso.pt\/wp\/wp-json\/wp\/v2\/tags?post=3288"}],"curies":[{"name":"wp","href":"https:\/\/api.w.org\/{rel}","templated":true}]}}